{"id":7824,"date":"2023-09-04T18:35:15","date_gmt":"2023-09-04T18:35:15","guid":{"rendered":"https:\/\/latimpacto.org\/?p=7824"},"modified":"2025-05-27T21:06:08","modified_gmt":"2025-05-27T21:06:08","slug":"lecciones-y-logros-de-impact-minds-standing-together-rio-de-janeiro-2023","status":"publish","type":"post","link":"https:\/\/latimpacto.org\/pt\/lecciones-y-logros-de-impact-minds-standing-together-rio-de-janeiro-2023\/","title":{"rendered":"Li\u00e7\u00f5es e conquistas do Impact Minds: Standing Together, Rio de Janeiro 2023"},"content":{"rendered":"<p class=\"has-text-color\" style=\"color:#601787\"><strong>Carolina Suarez Visbal,<\/strong> <strong>CEO Latimpacto<\/strong><\/p>\n\n\n\n<figure class=\"wp-block-image size-large\"><img fetchpriority=\"high\" decoding=\"async\" width=\"1024\" height=\"676\" src=\"https:\/\/latimpacto.org\/wp-content\/uploads\/2023\/09\/LAI_BLOG_CONFERENCIA-02-1024x676.jpg\" alt=\"\" class=\"wp-image-7796\" srcset=\"https:\/\/latimpacto.org\/wp-content\/uploads\/2023\/09\/LAI_BLOG_CONFERENCIA-02-1024x676.jpg 1024w, https:\/\/latimpacto.org\/wp-content\/uploads\/2023\/09\/LAI_BLOG_CONFERENCIA-02-300x198.jpg 300w, https:\/\/latimpacto.org\/wp-content\/uploads\/2023\/09\/LAI_BLOG_CONFERENCIA-02-768x507.jpg 768w, https:\/\/latimpacto.org\/wp-content\/uploads\/2023\/09\/LAI_BLOG_CONFERENCIA-02-1536x1013.jpg 1536w, https:\/\/latimpacto.org\/wp-content\/uploads\/2023\/09\/LAI_BLOG_CONFERENCIA-02-650x429.jpg 650w, https:\/\/latimpacto.org\/wp-content\/uploads\/2023\/09\/LAI_BLOG_CONFERENCIA-02.jpg 1896w\" sizes=\"(max-width: 1024px) 100vw, 1024px\" \/><figcaption class=\"wp-element-caption\"><strong>Allie Hollowell (diretora executiva da GAIN), Naina S. Batra (CEO da AVPN), Frank Aswani (CEO da AVPA), Carolina Su\u00e1rez (CEO da Latimpacto) e Sophie Faujour (l\u00edder de desenvolvimento de mercado na Europa, EVPA).<\/strong><\/figcaption><\/figure>\n\n\n\n<p>Durante meses de planejamento meticuloso, trabalhamos incansavelmente para garantir que a segunda edi\u00e7\u00e3o do <strong>Confer\u00eancia Impact Minds: Permanecendo juntos<\/strong> foi um evento excepcional em todos os sentidos, superando at\u00e9 mesmo a excelente vers\u00e3o anterior. A recep\u00e7\u00e3o calorosa de quase 600 pessoas, 250 das quais brasileiras, que nos receberam no Rio de Janeiro de bra\u00e7os abertos, faz um paralelo impressionante com o simbolismo do imponente Cristo Redentor, o monumento ic\u00f4nico da cidade do Rio de Janeiro. Nos primeiros dias, apesar do clima incomum, com chuva persistente e o sol mal aparecendo, nada poderia abalar a determina\u00e7\u00e3o e o entusiasmo dos participantes. <strong><em>Mentes de impacto<\/em><\/strong> que se uniram com uma vontade inabal\u00e1vel de estar unidos nesse evento extraordin\u00e1rio, que gerou novas conex\u00f5es e abriu novas oportunidades para investir em nossa regi\u00e3o. <\/p>\n\n\n\n<p>Dando continuidade \u00e0 tradi\u00e7\u00e3o de nossa primeira confer\u00eancia, mergulhamos profundamente em uma rica diversidade de contextos e realidades no Rio de Janeiro e arredores. Dez experi\u00eancias \u00fanicas de aprendizado nos conduziram em uma jornada que variou de situa\u00e7\u00f5es convincentes a momentos de inspira\u00e7\u00e3o. Em cada encontro, descobrimos hist\u00f3rias incr\u00edveis, desde o passado que deu origem a esta cidade e na\u00e7\u00e3o, at\u00e9 as novas pr\u00e1ticas de neg\u00f3cios das novas gera\u00e7\u00f5es de brasileiros. Saudamos calorosamente as equipes que tornaram as visitas poss\u00edveis: <strong>Banco da Provid\u00eacia, Spectaculu, BNDES, Fiocruz, Sinal do Vale, Instituto Terra de Preserva\u00e7\u00e3o Ambiental, \u00c1gua do Rio, Cidade do Samba, <\/strong><a href=\"https:\/\/www.pioneerspost.com\/news-views\/20230829\/scars-of-slave-trade-grim-backdrop-latimpacto-conference-kicks-rio\"><strong>Pequena \u00c1frica<\/strong><\/a><strong> e Quilombo Cafund\u00e1 Astrogilda.<\/strong><\/p>\n\n\n\n<figure class=\"wp-block-image size-large\"><img decoding=\"async\" width=\"1024\" height=\"676\" src=\"https:\/\/latimpacto.org\/wp-content\/uploads\/2023\/09\/LAI_BLOG_CONFERENCIA-08-6-1024x676.jpg\" alt=\"\" class=\"wp-image-7808\" srcset=\"https:\/\/latimpacto.org\/wp-content\/uploads\/2023\/09\/LAI_BLOG_CONFERENCIA-08-6-1024x676.jpg 1024w, https:\/\/latimpacto.org\/wp-content\/uploads\/2023\/09\/LAI_BLOG_CONFERENCIA-08-6-300x198.jpg 300w, https:\/\/latimpacto.org\/wp-content\/uploads\/2023\/09\/LAI_BLOG_CONFERENCIA-08-6-768x507.jpg 768w, https:\/\/latimpacto.org\/wp-content\/uploads\/2023\/09\/LAI_BLOG_CONFERENCIA-08-6-1536x1013.jpg 1536w, https:\/\/latimpacto.org\/wp-content\/uploads\/2023\/09\/LAI_BLOG_CONFERENCIA-08-6-650x429.jpg 650w, https:\/\/latimpacto.org\/wp-content\/uploads\/2023\/09\/LAI_BLOG_CONFERENCIA-08-6.jpg 1896w\" sizes=\"(max-width: 1024px) 100vw, 1024px\" \/><figcaption class=\"wp-element-caption\"><strong>Participantes da visita ao Sinal do Vale<\/strong><\/figcaption><\/figure>\n\n\n\n<p>Todo evento significativo deve ter um ponto de partida, e a Confer\u00eancia Impact Minds: Standing Together n\u00e3o foi exce\u00e7\u00e3o. O coquetel de abertura no <a href=\"https:\/\/www.instagram.com\/reel\/Cwilce3uEdd\/?igshid=MTc4MmM1YmI2Ng==\"><strong>Museu do Amanh\u00e3<\/strong><\/a>Um local realmente maravilhoso, que serviu como o cen\u00e1rio perfeito para que as conex\u00f5es come\u00e7assem a florescer em meio a uma atmosfera cheia de alegria e entusiasmo. Foi um show em que os latinos, com sua energia contagiante e paix\u00e3o inabal\u00e1vel, lideraram a celebra\u00e7\u00e3o e conseguiram inspirar aqueles que vieram de terras distantes com a alegria \u00fanica que caracteriza nossa regi\u00e3o. Essa experi\u00eancia inaugural foi mais do que apenas uma celebra\u00e7\u00e3o; foi um convite aberto para criar uni\u00f5es e la\u00e7os profundos entre todos os Impact Minds, independentemente de sua origem geogr\u00e1fica.<\/p>\n\n\n\n<p class=\"has-text-align-left has-text-color\" style=\"color:#601787\"><strong>Tecendo conex\u00f5es e transformando o futuro: nosso compromisso com a inclus\u00e3o e o empoderamento<\/strong><\/p>\n\n\n\n<p>O in\u00edcio de nossos dias de pain\u00e9is, workshops, coletivos de compartilhamento e conversas inspiradoras refletiu nosso profundo compromisso de colocar as pessoas no centro do impacto. Desde a mobiliza\u00e7\u00e3o de capital em um mundo cada vez mais interconectado, inspirado pelo sucesso de nossas redes irm\u00e3s, como EVPA, AVPN, AVPA e agora com a plataforma GAIN, at\u00e9 a abordagem de quest\u00f5es cr\u00edticas, como inclus\u00e3o racial, diversidade de g\u00eanero e empoderamento das mulheres.<\/p>\n\n\n\n<blockquote class=\"wp-block-quote has-text-color is-layout-flow wp-block-quote-is-layout-flow\" style=\"color:#ad63d0\">\n<p>\"\u00c9 necess\u00e1rio abrir espa\u00e7os e lugares para pessoas negras, ind\u00edgenas e pobres que representem suas comunidades, que representem a diversidade, com a inten\u00e7\u00e3o de busc\u00e1-las, inclu\u00ed-las e apoi\u00e1-las em seu trabalho\".<\/p>\n<cite>Tom Mendes, Instituto Identidades do Brasil<\/cite><\/blockquote>\n\n\n\n<p>Os pain\u00e9is e discuss\u00f5es foram al\u00e9m da superf\u00edcie, explorando quest\u00f5es de equidade e justi\u00e7a social em \u00e1reas cr\u00edticas, como sa\u00fade mental, combate ao racismo e redu\u00e7\u00e3o da desigualdade social. A responsabilidade individual tamb\u00e9m foi destacada, com um apelo para que reconhe\u00e7amos nosso papel nos desafios atuais e nos envolvamos ativamente na busca de solu\u00e7\u00f5es.<\/p>\n\n\n\n<figure class=\"wp-block-image size-large\"><img decoding=\"async\" width=\"1024\" height=\"675\" src=\"https:\/\/latimpacto.org\/wp-content\/uploads\/2023\/09\/LAI_BLOG_CONFERENCIA-09-1024x675.jpg\" alt=\"\" class=\"wp-image-7810\" srcset=\"https:\/\/latimpacto.org\/wp-content\/uploads\/2023\/09\/LAI_BLOG_CONFERENCIA-09-1024x675.jpg 1024w, https:\/\/latimpacto.org\/wp-content\/uploads\/2023\/09\/LAI_BLOG_CONFERENCIA-09-300x198.jpg 300w, https:\/\/latimpacto.org\/wp-content\/uploads\/2023\/09\/LAI_BLOG_CONFERENCIA-09-768x506.jpg 768w, https:\/\/latimpacto.org\/wp-content\/uploads\/2023\/09\/LAI_BLOG_CONFERENCIA-09-1536x1013.jpg 1536w, https:\/\/latimpacto.org\/wp-content\/uploads\/2023\/09\/LAI_BLOG_CONFERENCIA-09-650x429.jpg 650w, https:\/\/latimpacto.org\/wp-content\/uploads\/2023\/09\/LAI_BLOG_CONFERENCIA-09.jpg 1897w\" sizes=\"(max-width: 1024px) 100vw, 1024px\" \/><figcaption class=\"wp-element-caption\"><strong>Tim Radjy (s\u00f3cio-gerente do Alphamundi Group), Michelle Gethers (diretora de diversidade da Visa e membro do conselho da Visa Foundation), M\u00e1rcia Silveira (diretora de diversidade, equidade e inclus\u00e3o da L'or\u00e9al Brasil), Daniela Konietzko (presidente da Fundaci\u00f3n WWB Colombia), Ver\u00f3nica Melz i (gerente s\u00eanior da Belcorp Foundation) e Carmen Correa (CEO da Promujer).<\/strong><\/figcaption><\/figure>\n\n\n\n<p>Da mesma forma, com a presen\u00e7a dos presidentes do Banco de Desenvolvimento da Am\u00e9rica Latina e do Banco de Desenvolvimento do Brasil, Sergio Diaz-Granados e Aloizio Mercandante, pudemos destacar o papel fundamental que eles desempenham no ecossistema de impacto, fornecendo recursos de capital catal\u00edtico, facilitando a inova\u00e7\u00e3o financeira e a colabora\u00e7\u00e3o com atores filantr\u00f3picos e privados.  Trabalhando de forma articulada, por exemplo, por meio de estruturas financeiras combinadas, essas organiza\u00e7\u00f5es t\u00eam o potencial de mobilizar recursos privados para o mesmo fim. Sua maior disposi\u00e7\u00e3o para assumir riscos e trabalhar com vencimentos mais longos lhes permite reduzir o risco e o custo para os investidores privados, maximizando, assim, o volume de recursos fornecidos e a gera\u00e7\u00e3o de impacto social e ambiental positivo.<\/p>\n\n\n\n<figure class=\"wp-block-image size-large\"><img loading=\"lazy\" decoding=\"async\" width=\"1024\" height=\"675\" src=\"https:\/\/latimpacto.org\/wp-content\/uploads\/2023\/09\/LAI_BLOG_CONFERENCIA-06-1024x675.jpg\" alt=\"\" class=\"wp-image-7811\" srcset=\"https:\/\/latimpacto.org\/wp-content\/uploads\/2023\/09\/LAI_BLOG_CONFERENCIA-06-1024x675.jpg 1024w, https:\/\/latimpacto.org\/wp-content\/uploads\/2023\/09\/LAI_BLOG_CONFERENCIA-06-300x198.jpg 300w, https:\/\/latimpacto.org\/wp-content\/uploads\/2023\/09\/LAI_BLOG_CONFERENCIA-06-768x506.jpg 768w, https:\/\/latimpacto.org\/wp-content\/uploads\/2023\/09\/LAI_BLOG_CONFERENCIA-06-1536x1013.jpg 1536w, https:\/\/latimpacto.org\/wp-content\/uploads\/2023\/09\/LAI_BLOG_CONFERENCIA-06-650x429.jpg 650w, https:\/\/latimpacto.org\/wp-content\/uploads\/2023\/09\/LAI_BLOG_CONFERENCIA-06.jpg 1897w\" sizes=\"(max-width: 1024px) 100vw, 1024px\" \/><figcaption class=\"wp-element-caption\"><strong>Sergio Diaz-Granados (Presidente da CAF); Aloizio MercandANTE (Presidente do BNDES), Carolina Suarez Visbal (CEO da Latimpacto).<\/strong><\/figcaption><\/figure>\n\n\n\n<p>Destacamos, por outro lado, a excepcional conversa sobre o papel das mulheres no ecossistema de impacto, explorando diversas pr\u00e1ticas e perspectivas de toda a regi\u00e3o. Essa conversa n\u00e3o foi apenas extremamente enriquecedora, mas tamb\u00e9m essencial para continuar redefinindo e reconhecendo o imenso compromisso das mulheres em uma variedade de contextos e cen\u00e1rios.&nbsp;<\/p>\n\n\n\n<p>Como parte do encerramento desse primeiro dia de pain\u00e9is, a premia\u00e7\u00e3o do<strong> Pr\u00eamio Women's Empowerment Award, concedido pela Bayer Foundation,<\/strong> cinco l\u00edderes excepcionais que, com sua criatividade, iniciativa e dedica\u00e7\u00e3o incans\u00e1vel, est\u00e3o fazendo uma contribui\u00e7\u00e3o significativa para a mudan\u00e7a social por meio de suas startups. Ouvir essas mulheres inspiradoras foi um verdadeiro prazer, e ficamos encantados ao ver como essas ideias maravilhosas e de alto impacto t\u00eam o poder de transformar comunidades inteiras. Esse reconhecimento n\u00e3o apenas celebra suas conquistas, mas tamb\u00e9m nos lembra da import\u00e2ncia de apoiar e capacitar as mulheres em sua busca por um mundo melhor e mais equitativo.<\/p>\n\n\n\n<figure class=\"wp-block-image size-large\"><img loading=\"lazy\" decoding=\"async\" width=\"1024\" height=\"676\" src=\"https:\/\/latimpacto.org\/wp-content\/uploads\/2023\/09\/LAI_BLOG_CONFERENCIA-07-1024x676.jpg\" alt=\"\" class=\"wp-image-7812\" srcset=\"https:\/\/latimpacto.org\/wp-content\/uploads\/2023\/09\/LAI_BLOG_CONFERENCIA-07-1024x676.jpg 1024w, https:\/\/latimpacto.org\/wp-content\/uploads\/2023\/09\/LAI_BLOG_CONFERENCIA-07-300x198.jpg 300w, https:\/\/latimpacto.org\/wp-content\/uploads\/2023\/09\/LAI_BLOG_CONFERENCIA-07-768x507.jpg 768w, https:\/\/latimpacto.org\/wp-content\/uploads\/2023\/09\/LAI_BLOG_CONFERENCIA-07-1536x1013.jpg 1536w, https:\/\/latimpacto.org\/wp-content\/uploads\/2023\/09\/LAI_BLOG_CONFERENCIA-07-650x429.jpg 650w, https:\/\/latimpacto.org\/wp-content\/uploads\/2023\/09\/LAI_BLOG_CONFERENCIA-07.jpg 1896w\" sizes=\"(max-width: 1024px) 100vw, 1024px\" \/><figcaption class=\"wp-element-caption\"><strong>Pr\u00eamio de Empoderamento das Mulheres, Funda\u00e7\u00e3o Bayer.<\/strong><\/figcaption><\/figure>\n\n\n\n<p class=\"has-text-color\" style=\"color:#601787\"><strong>Brasil: um ecossistema de impacto em evolu\u00e7\u00e3o - honrando o legado e moldando o futuro<\/strong><\/p>\n\n\n\n<p>A imers\u00e3o total do Brasil no ecossistema de impacto nos levou a uma profunda reflex\u00e3o sobre os desafios e as oportunidades nesse pa\u00eds culturalmente rico e diversificado. Reconhecemos a necessidade de abordar \u00e1reas em que ainda h\u00e1 um caminho a percorrer, concentrando-nos especialmente no papel vital das mulheres e das comunidades afro-brasileiras na cria\u00e7\u00e3o de mudan\u00e7as significativas. Durante nossas discuss\u00f5es, lembramos e honramos aqueles que n\u00e3o est\u00e3o mais entre n\u00f3s, como na homenagem sincera prestada por toda a comunidade a Bernadete Pac\u00edfico, l\u00edder quilombola da Bahia, cujo tr\u00e1gico assassinato em 17 de agosto chocou a todos.&nbsp;<\/p>\n\n\n\n<p>Esses legados, como o de Bernadete Pac\u00edfico, s\u00e3o far\u00f3is de inspira\u00e7\u00e3o que iluminam o caminho para as gera\u00e7\u00f5es atuais e futuras, incentivando-nos a continuar construindo as bases para o impacto social em um pa\u00eds que abriga um enorme potencial para mudan\u00e7as positivas. \u00c0 medida que avan\u00e7amos, lembramos e aprendemos com aqueles que nos antecederam, comprometendo-nos a continuar seu legado com determina\u00e7\u00e3o e resili\u00eancia, com a firme convic\u00e7\u00e3o de que um futuro mais brilhante \u00e9 poss\u00edvel para o Brasil e para o mundo inteiro.<\/p>\n\n\n\n<figure class=\"wp-block-image size-large is-resized\"><img loading=\"lazy\" decoding=\"async\" src=\"https:\/\/latimpacto.org\/wp-content\/uploads\/2023\/09\/LAI_BLOG_CONFERENCIA-03-1024x676.jpg\" alt=\"\" class=\"wp-image-7813\" width=\"981\" height=\"647\" srcset=\"https:\/\/latimpacto.org\/wp-content\/uploads\/2023\/09\/LAI_BLOG_CONFERENCIA-03-1024x676.jpg 1024w, https:\/\/latimpacto.org\/wp-content\/uploads\/2023\/09\/LAI_BLOG_CONFERENCIA-03-300x198.jpg 300w, https:\/\/latimpacto.org\/wp-content\/uploads\/2023\/09\/LAI_BLOG_CONFERENCIA-03-768x507.jpg 768w, https:\/\/latimpacto.org\/wp-content\/uploads\/2023\/09\/LAI_BLOG_CONFERENCIA-03-1536x1013.jpg 1536w, https:\/\/latimpacto.org\/wp-content\/uploads\/2023\/09\/LAI_BLOG_CONFERENCIA-03-650x429.jpg 650w, https:\/\/latimpacto.org\/wp-content\/uploads\/2023\/09\/LAI_BLOG_CONFERENCIA-03.jpg 1896w\" sizes=\"(max-width: 981px) 100vw, 981px\" \/><figcaption class=\"wp-element-caption\"><strong>Homenagem a Bernadette Pacifico<\/strong><\/figcaption><\/figure>\n\n\n\n<p class=\"has-text-color\" style=\"color:#601787\"><strong>Promo\u00e7\u00e3o da mudan\u00e7a social para um impacto positivo<\/strong><\/p>\n\n\n\n<p>No terceiro dia de nossa confer\u00eancia, assistimos a uma importante conversa em colabora\u00e7\u00e3o com o CEO da Skoll Foundation, Don Gips, e Paula Moreno, fundadora e presidente da Manos Visibles, na qual eles discutiram o papel essencial dos investidores p\u00fablicos e privados na promo\u00e7\u00e3o de mudan\u00e7as sociais. Moreno e Gips compartilharam experi\u00eancias e perspectivas valiosas sobre como causar um impacto positivo em nossas comunidades.<\/p>\n\n\n\n<p>Al\u00e9m disso, em colabora\u00e7\u00e3o com o BID LAB e a Coca Cola Am\u00e9rica Latina, tivemos o privil\u00e9gio de apresentar \u00e0 comunidade Latimpacto e aos participantes do Impact Minds: Standing Together o empolgante Green Catalytic Fund. Essa iniciativa inovadora tem como objetivo gerar um impacto significativo em solu\u00e7\u00f5es de est\u00e1gio inicial relacionadas \u00e0 descarboniza\u00e7\u00e3o e \u00e0 busca da neutralidade l\u00edquida de carbono zero. Embora esse fundo tenha um foco regional, ele d\u00e1 aten\u00e7\u00e3o especial \u00e0 Amaz\u00f4nia, reconhecendo a import\u00e2ncia cr\u00edtica dessa regi\u00e3o para nossa \u00e1rea e para todo o planeta. Essa iniciativa demonstra o compromisso da Latimpacto e de seus parceiros com a prote\u00e7\u00e3o de nosso meio ambiente e a promo\u00e7\u00e3o de um futuro mais sustent\u00e1vel.<\/p>\n\n\n\n<figure class=\"wp-block-image size-large\"><img loading=\"lazy\" decoding=\"async\" width=\"1024\" height=\"676\" src=\"https:\/\/latimpacto.org\/wp-content\/uploads\/2023\/09\/LAI_BLOG_CONFERENCIA-10-1024x676.jpg\" alt=\"\" class=\"wp-image-7814\" srcset=\"https:\/\/latimpacto.org\/wp-content\/uploads\/2023\/09\/LAI_BLOG_CONFERENCIA-10-1024x676.jpg 1024w, https:\/\/latimpacto.org\/wp-content\/uploads\/2023\/09\/LAI_BLOG_CONFERENCIA-10-300x198.jpg 300w, https:\/\/latimpacto.org\/wp-content\/uploads\/2023\/09\/LAI_BLOG_CONFERENCIA-10-768x507.jpg 768w, https:\/\/latimpacto.org\/wp-content\/uploads\/2023\/09\/LAI_BLOG_CONFERENCIA-10-1536x1013.jpg 1536w, https:\/\/latimpacto.org\/wp-content\/uploads\/2023\/09\/LAI_BLOG_CONFERENCIA-10-650x429.jpg 650w, https:\/\/latimpacto.org\/wp-content\/uploads\/2023\/09\/LAI_BLOG_CONFERENCIA-10.jpg 1896w\" sizes=\"(max-width: 1024px) 100vw, 1024px\" \/><figcaption class=\"wp-element-caption\"><strong>C\u00e9sar Buenadicha (Diretor de Descobertas, BID LAB), Andr\u00e9a Mota (Diretora de Sustentabilidade e Partes Interessadas, Coca-Cola Am\u00e9rica Latina) e Juan David Ferreira (Diretor de Programas, Latimpacto)<\/strong><\/figcaption><\/figure>\n\n\n\n<p>Outro ponto importante da agenda do dia foi dar lugar \u00e0s vozes das comunidades pan-amaz\u00f4nicas, o que acabou sendo um momento essencial de reflex\u00e3o sobre a import\u00e2ncia de empoderar as comunidades ind\u00edgenas e os povos camponeses da Amaz\u00f4nia, bem como proteger essa regi\u00e3o como um ponto de encontro e conviv\u00eancia inestim\u00e1vel entre os seres humanos, outros seres vivos e a natureza.&nbsp;<\/p>\n\n\n\n<p>Foi destacada a urg\u00eancia de elaborar estrat\u00e9gias para apoiar a qualidade de vida e a gest\u00e3o territorial dessas comunidades, especialmente diante de amea\u00e7as como desmatamento, inc\u00eandios florestais, cria\u00e7\u00e3o de gado e falta de oportunidades e infraestrutura locais. A comunica\u00e7\u00e3o multil\u00edngue e a educa\u00e7\u00e3o surgiram como pilares fundamentais para capacitar essas comunidades, garantindo sua participa\u00e7\u00e3o ativa e seus direitos nas decis\u00f5es que afetam seu territ\u00f3rio. Foi enfatizado que o impacto do trabalho local na Amaz\u00f4nia transcende as fronteiras e que a preserva\u00e7\u00e3o e o cuidado dessa regi\u00e3o continuam sendo uma responsabilidade global.&nbsp;<\/p>\n\n\n\n<p>Em \u00faltima an\u00e1lise, a necessidade de proteger e capacitar as comunidades ind\u00edgenas e locais na Amaz\u00f4nia foi reafirmada como uma pedra angular para garantir um futuro sustent\u00e1vel e equitativo para todos os seus habitantes.<\/p>\n\n\n\n<figure class=\"wp-block-image size-full\"><img loading=\"lazy\" decoding=\"async\" width=\"948\" height=\"626\" src=\"https:\/\/latimpacto.org\/wp-content\/uploads\/2023\/09\/LAI_BLOG_CONFERENCIA-10-1.jpg\" alt=\"\" class=\"wp-image-7815\" srcset=\"https:\/\/latimpacto.org\/wp-content\/uploads\/2023\/09\/LAI_BLOG_CONFERENCIA-10-1.jpg 948w, https:\/\/latimpacto.org\/wp-content\/uploads\/2023\/09\/LAI_BLOG_CONFERENCIA-10-1-300x198.jpg 300w, https:\/\/latimpacto.org\/wp-content\/uploads\/2023\/09\/LAI_BLOG_CONFERENCIA-10-1-768x507.jpg 768w, https:\/\/latimpacto.org\/wp-content\/uploads\/2023\/09\/LAI_BLOG_CONFERENCIA-10-1-650x429.jpg 650w\" sizes=\"(max-width: 948px) 100vw, 948px\" \/><figcaption class=\"wp-element-caption\"><strong>Greta Salvi (Country Director - Brasil, Latimpacto), Angela Mendes (presidente executiva, Comit\u00ea Chico Mendes), Nelly Kuiru (coordenadora geral, Coordinadora Latinoamericana De Cine Y Comunicaci\u00f3n De Los Pueblos Ind\u00edgenas, Clacpi), Claudia Soares Bar\u00e9 (diretora secret\u00e1ria, PODAALI) e Carolina Gil S\u00e4nchez (diretora regional - Nordeste Amazonas, Amazon Conservation Team).<\/strong><\/figcaption><\/figure>\n\n\n\n<blockquote class=\"wp-block-quote has-text-color is-layout-flow wp-block-quote-is-layout-flow\" style=\"color:#ad63d0\">\n<p><em>\"\u00c9 importante entender pelo que estamos lutando, pois nosso trabalho ser\u00e1 local, mas os impactos ser\u00e3o globais.\"<\/em><\/p>\n<cite>Angela Mendes, Comit\u00ea Chico Mendes&nbsp;<\/cite><\/blockquote>\n\n\n\n<p class=\"has-text-color\" style=\"color:#601787\"><strong><strong>Una-se para uma mudan\u00e7a global positiva! Chamada da Am\u00e9rica Latina<\/strong><\/strong><\/p>\n\n\n\n<p>Sob um enfoque regional com proje\u00e7\u00e3o global, a confer\u00eancia culminou de forma magistral com as palavras inspiradoras de Natalye Paquin, Diretora da Funda\u00e7\u00e3o Rockefeller, que encerrou de forma exemplar tr\u00eas dias de di\u00e1logo enriquecedor. Em seu discurso, Natalye destacou os desafios predominantes que exigem a\u00e7\u00e3o imediata para mudar nosso mundo, ressaltando o papel fundamental que toda a Am\u00e9rica Latina desempenha nesse processo.&nbsp;<\/p>\n\n\n\n<p>Ele nos incentivou a fortalecer iniciativas como as que est\u00e1vamos forjando durante a confer\u00eancia e expressou sua profunda gratid\u00e3o aos membros, \u00e0 equipe e ao conselho da Latimpacto por proporcionar o espa\u00e7o. Sua mensagem nos lembrou que juntos, com um compromisso unificado, temos o poder e a responsabilidade de promover mudan\u00e7as significativas e positivas em nosso planeta.<\/p>\n\n\n\n<figure class=\"wp-block-image size-large\"><img loading=\"lazy\" decoding=\"async\" width=\"1024\" height=\"676\" src=\"https:\/\/latimpacto.org\/wp-content\/uploads\/2023\/09\/LAI_BLOG_CONFERENCIA-05-1024x676.jpg\" alt=\"\" class=\"wp-image-7816\" srcset=\"https:\/\/latimpacto.org\/wp-content\/uploads\/2023\/09\/LAI_BLOG_CONFERENCIA-05-1024x676.jpg 1024w, https:\/\/latimpacto.org\/wp-content\/uploads\/2023\/09\/LAI_BLOG_CONFERENCIA-05-300x198.jpg 300w, https:\/\/latimpacto.org\/wp-content\/uploads\/2023\/09\/LAI_BLOG_CONFERENCIA-05-768x507.jpg 768w, https:\/\/latimpacto.org\/wp-content\/uploads\/2023\/09\/LAI_BLOG_CONFERENCIA-05-1536x1013.jpg 1536w, https:\/\/latimpacto.org\/wp-content\/uploads\/2023\/09\/LAI_BLOG_CONFERENCIA-05-650x429.jpg 650w, https:\/\/latimpacto.org\/wp-content\/uploads\/2023\/09\/LAI_BLOG_CONFERENCIA-05.jpg 1896w\" sizes=\"(max-width: 1024px) 100vw, 1024px\" \/><figcaption class=\"wp-element-caption\"><strong>Natalye Paquin (Funda\u00e7\u00e3o Rockefeller) e Carolina Su\u00e1rez Visbal (Latimpacto)<\/strong><\/figcaption><\/figure>\n\n\n\n<p>Expressamos nossa mais profunda gratid\u00e3o ao Brasil, aos membros parceiros da Latimpacto nesse pa\u00eds, bem como \u00e0 equipe de produ\u00e7\u00e3o e organiza\u00e7\u00e3o do evento, cujo trabalho \u00e1rduo tornou poss\u00edvel reunir mais de 580 Mentes de Impacto durante esses tr\u00eas dias inspiradores. Valorizamos e celebramos a colabora\u00e7\u00e3o e o esp\u00edrito de uni\u00e3o que permearam cada momento da confer\u00eancia. <\/p>\n\n\n\n<p>No momento, estamos nos preparando ansiosamente para a nossa terceira confer\u00eancia: \"Impact Minds: Standing Together\" em Oaxaca, que ser\u00e1 realizada de 9 a 11 de setembro de 2024. Estamos ansiosos por mais um evento repleto de aprendizado, conex\u00e3o e a\u00e7\u00e3o para um impacto social positivo em nossa regi\u00e3o e fora dela.&nbsp;<\/p>\n\n\n\n<p>Esta confer\u00eancia \u00e9 um marco. A equipe da Latimpacto n\u00e3o para e continuar\u00e1 a dar o melhor de si, ainda mais motivada, com todo o apoio recebido, a mobilizar mais capital para o impacto.<\/p>\n\n\n\n<figure class=\"wp-block-image size-large\"><img loading=\"lazy\" decoding=\"async\" width=\"1024\" height=\"676\" src=\"https:\/\/latimpacto.org\/wp-content\/uploads\/2023\/09\/LAI_BLOG_CONFERENCIA-04-1024x676.jpg\" alt=\"\" class=\"wp-image-7817\" srcset=\"https:\/\/latimpacto.org\/wp-content\/uploads\/2023\/09\/LAI_BLOG_CONFERENCIA-04-1024x676.jpg 1024w, https:\/\/latimpacto.org\/wp-content\/uploads\/2023\/09\/LAI_BLOG_CONFERENCIA-04-300x198.jpg 300w, https:\/\/latimpacto.org\/wp-content\/uploads\/2023\/09\/LAI_BLOG_CONFERENCIA-04-768x507.jpg 768w, https:\/\/latimpacto.org\/wp-content\/uploads\/2023\/09\/LAI_BLOG_CONFERENCIA-04-1536x1013.jpg 1536w, https:\/\/latimpacto.org\/wp-content\/uploads\/2023\/09\/LAI_BLOG_CONFERENCIA-04-650x429.jpg 650w, https:\/\/latimpacto.org\/wp-content\/uploads\/2023\/09\/LAI_BLOG_CONFERENCIA-04.jpg 1896w\" sizes=\"(max-width: 1024px) 100vw, 1024px\" \/><figcaption class=\"wp-element-caption\"><strong><strong>Delega\u00e7\u00e3o mexicana no Rio, dando as boas-vindas aos participantes da Confer\u00eancia Impact Minds Standing Together, Oaxaca, M\u00e9xico, 9-11 de setembro de 2024<\/strong>.<\/strong><\/figcaption><\/figure>\n\n\n\n<p><\/p>","protected":false},"excerpt":{"rendered":"<p>Carolina Suarez Visbal, CEO Latimpacto Durante meses de meticulosa planificaci\u00f3n, trabajamos incansablemente para asegurarnos de que la segunda edici\u00f3n de la Conferencia [&hellip;]<\/p>\n","protected":false},"author":1,"featured_media":16630,"comment_status":"closed","ping_status":"open","sticky":false,"template":"","format":"standard","meta":{"_acf_changed":false,"footnotes":""},"categories":[13],"tags":[],"class_list":["post-7824","post","type-post","status-publish","format-standard","has-post-thumbnail","hentry","category-compartiendo-historias"],"acf":[],"_links":{"self":[{"href":"https:\/\/latimpacto.org\/pt\/wp-json\/wp\/v2\/posts\/7824","targetHints":{"allow":["GET"]}}],"collection":[{"href":"https:\/\/latimpacto.org\/pt\/wp-json\/wp\/v2\/posts"}],"about":[{"href":"https:\/\/latimpacto.org\/pt\/wp-json\/wp\/v2\/types\/post"}],"author":[{"embeddable":true,"href":"https:\/\/latimpacto.org\/pt\/wp-json\/wp\/v2\/users\/1"}],"replies":[{"embeddable":true,"href":"https:\/\/latimpacto.org\/pt\/wp-json\/wp\/v2\/comments?post=7824"}],"version-history":[{"count":1,"href":"https:\/\/latimpacto.org\/pt\/wp-json\/wp\/v2\/posts\/7824\/revisions"}],"predecessor-version":[{"id":14659,"href":"https:\/\/latimpacto.org\/pt\/wp-json\/wp\/v2\/posts\/7824\/revisions\/14659"}],"wp:featuredmedia":[{"embeddable":true,"href":"https:\/\/latimpacto.org\/pt\/wp-json\/wp\/v2\/media\/16630"}],"wp:attachment":[{"href":"https:\/\/latimpacto.org\/pt\/wp-json\/wp\/v2\/media?parent=7824"}],"wp:term":[{"taxonomy":"category","embeddable":true,"href":"https:\/\/latimpacto.org\/pt\/wp-json\/wp\/v2\/categories?post=7824"},{"taxonomy":"post_tag","embeddable":true,"href":"https:\/\/latimpacto.org\/pt\/wp-json\/wp\/v2\/tags?post=7824"}],"curies":[{"name":"wp","href":"https:\/\/api.w.org\/{rel}","templated":true}]}}